{"id":4974,"date":"2026-09-06T08:30:00","date_gmt":"2026-09-06T06:30:00","guid":{"rendered":"https:\/\/www.houhetzout.nl\/?p=4974"},"modified":"2026-09-06T08:30:00","modified_gmt":"2026-09-06T06:30:00","slug":"9th-wonder-en-black-thought-bijna-klaar-met-album","status":"publish","type":"post","link":"https:\/\/www.houhetzout.nl\/de\/9th-wonder-en-black-thought-bijna-klaar-met-album\/","title":{"rendered":"9th Wonder und Black Thought stehen kurz vor der Fertigstellung ihres Albums"},"content":{"rendered":"<h1>9th Wonder und Black Thought stehen kurz vor der Fertigstellung ihres Albums<\/h1>\n<p><em>Die lang erwartete Zusammenarbeit zwischen 9th Wonder und Black Thought ist fast abgeschlossen \u2013 es fehlt nur noch ein Vers. Das komplette Album ist fertig \u2013 noch ohne Titel und Ver\u00f6ffentlichungsdatum \u2013 und verspricht dank der Kombination aus 9th Wonders souliger Produktion und Black Thoughts lyrischer Kraft ein Klassiker zu werden. Beide K\u00fcnstler, bekannt f\u00fcr ihre langj\u00e4hrigen und einflussreichen Karrieren, entscheiden sich bewusst f\u00fcr ein komplettes Album in einer Zeit schneller Ver\u00f6ffentlichungen.<\/em><\/p>\n<p>Die lang erwartete Zusammenarbeit zwischen 9th Wonder und Black Thought steht kurz bevor. Das gesamte Album ist fertig. Es fehlt nur noch genau ein Vers.<\/p>\n<\/p>\n<p>\nDer Produzent gab dies w\u00e4hrend eines Gespr\u00e4chs im Podcast von Don Chenz bekannt. Kurz und b\u00fcndig: \"Ich brauche nur noch einen Track von ihm, dann sind wir fertig.\" Kein Albumtitel, kein Ver\u00f6ffentlichungsdatum. Aber die Best\u00e4tigung, dass diese beiden Schwergewichte ein komplettes Projekt abgeschlossen haben.<\/p>\n<\/p>\n<p>\nDie Kombination spricht f\u00fcr sich. 9th Wonder liefert seine charakteristische, soulige Produktion, Black Thought steuert die lyrische Pr\u00e4zision und Kraft bei, die seine gesamte Karriere pr\u00e4gen. Beide Herren haben sich \u00fcber Jahrzehnte hinweg einen Ruf erarbeitet, der weit \u00fcber ihre bekanntesten Gruppen hinausreicht.<\/p>\n<\/p>\n<p>\n9th Wonder machte sich zun\u00e4chst als Mitglied von Little Brother einen Namen, bevor er sich zu einem der angesehensten Produzenten der Branche entwickelte. Black Thought bleibt die unverwechselbare Stimme von The Roots, w\u00e4hrend er sein Repertoire stetig \u00fcber die legend\u00e4re Gruppe aus Philadelphia hinaus erweitert.<\/p>\n<\/p>\n<p>\nEin komplettes Projekt mit 9th Wonder passt immer besser zu Black Thoughts\u2019 zunehmend kollaborativer Arbeitsweise. Zuvor hat er bereits *Cheat Codes* mit Danger Mouse produziert und arbeitet angeblich an *Cheat Codes 2*. Au\u00dferdem ist ein Projekt mit Mach-Hommy in Planung. Inzwischen haben The Roots selbst *Endgame* in Planung.<\/p>\n<\/p>\n<p>\nAngesichts der vielen bevorstehenden Musikver\u00f6ffentlichungen macht diese Ank\u00fcndigung das Ganze besonders bemerkenswert. Es handelt sich hier nicht um eine einzelne Single oder einen Gastauftritt. Die beiden haben sich f\u00fcr das Format eines kompletten Albums entschieden. Eine bewusste Entscheidung in einer Zeit, in der viele K\u00fcnstler auf schnelle Ver\u00f6ffentlichungen setzen.<\/p>\n<\/p>\n<p>\nEs fehlt nur noch ein Song zwischen 9th Wonder und Black Thought, dann ist das Album fertig. Zwei Veteranen, die sich Zeit nehmen f\u00fcr ein Projekt, das alle Merkmale eines zuk\u00fcnftigen Klassikers aufweist. Kein Hype, kein \u00fcberst\u00fcrzter Release. Einfach nur Meisterarbeit von zwei Meistern ihres Fachs.<\/p>\n<\/p>\n<p>\nWir warten geduldig.<\/p>\n<p><!-- pulseroom:embeds --><\/p>\n<h2>H\u00f6ren &amp; sehen<\/h2>\n<p><iframe src=\"https:\/\/open.spotify.com\/embed\/artist\/6DJEUXZm0e2rAohdoZ5Voo\" title=\"Black Thought\" width=\"100%\" height=\"352\" frameborder=\"0\" allow=\"autoplay; clipboard-write; encrypted-media; fullscreen; picture-in-picture\" loading=\"lazy\"><\/iframe><\/p>","protected":false},"excerpt":{"rendered":"<p>Die lang erwartete Zusammenarbeit zwischen 9th Wonder und Black Thought ist fast abgeschlossen \u2013 es fehlt nur noch ein Vers. Das gesamte Album ist fertig \u2013 noch ohne Titel und Ver\u00f6ffentlichungsdatum \u2013 und verspricht dank der Kombination aus 9th Wonders souliger Produktion und Black Thoughts lyrischer Kraft ein Klassiker zu werden. Beide K\u00fcnstler, bekannt f\u00fcr ihre langj\u00e4hrige und einflussreiche\u2026<\/p>","protected":false},"author":1,"featured_media":4973,"comment_status":"open","ping_status":"open","sticky":false,"template":"","format":"standard","meta":{"episode_type":"","audio_file":"","podmotor_file_id":"","podmotor_episode_id":"","cover_image":"","cover_image_id":"","duration":"","filesize":"","filesize_raw":"","date_recorded":"","explicit":"","block":"","footnotes":""},"categories":[3],"tags":[],"class_list":["post-4974","post","type-post","status-publish","format-standard","has-post-thumbnail","hentry","category-hhz-hip-hop-nieuws"],"featured_image_url":"https:\/\/www.houhetzout.nl\/wp-content\/uploads\/2026\/09\/featured-6.png","yoast_head":"<!-- This site is optimized with the Yoast SEO Premium plugin v24.5 (Yoast SEO v28.2) - https:\/\/yoast.com\/product\/yoast-seo-premium-wordpress\/ -->\n<title>9th wonder en black thought bijna klaar met album - Hou Het Zout Magazine<\/title>\n<meta name=\"robots\" content=\"index, follow, max-snippet:-1, max-image-preview:large, max-video-preview:-1\" \/>\n<link rel=\"canonical\" href=\"https:\/\/www.houhetzout.nl\/de\/9th-wonder-en-black-thought-bijna-klaar-met-album\/\" \/>\n<meta property=\"og:locale\" content=\"de_DE\" \/>\n<meta property=\"og:type\" content=\"article\" \/>\n<meta property=\"og:title\" content=\"9th wonder en black thought bijna klaar met album\" \/>\n<meta property=\"og:description\" content=\"De langverwachte samenwerking tussen 9th Wonder en Black Thought is bijna voltooid, met nog maar \u00e9\u00e9n verse te gaan. Het volledige album is klaar, zonder titel of releasedatum, en belooft een klassieker te worden dankzij de combinatie van 9th Wonders soulful productie en Black Thoughts lyrische kracht. Beide artiesten, bekend om hun langdurige en invloedrijke...\" \/>\n<meta property=\"og:url\" content=\"https:\/\/www.houhetzout.nl\/de\/9th-wonder-en-black-thought-bijna-klaar-met-album\/\" \/>\n<meta property=\"og:site_name\" content=\"Hou Het Zout Magazine\" \/>\n<meta property=\"article:publisher\" content=\"https:\/\/www.facebook.com\/houhetzout\/\" \/>\n<meta property=\"article:published_time\" content=\"2026-09-06T06:30:00+00:00\" \/>\n<meta property=\"og:image\" content=\"https:\/\/www.houhetzout.nl\/wp-content\/uploads\/2026\/09\/featured-6-1024x683.png\" \/>\n\t<meta property=\"og:image:width\" content=\"1024\" \/>\n\t<meta property=\"og:image:height\" content=\"683\" \/>\n\t<meta property=\"og:image:type\" content=\"image\/png\" \/>\n<meta name=\"author\" content=\"hhz\" \/>\n<meta name=\"twitter:card\" content=\"summary_large_image\" \/>\n<meta name=\"twitter:label1\" content=\"Verfasst von\" \/>\n\t<meta name=\"twitter:data1\" content=\"hhz\" \/>\n\t<meta name=\"twitter:label2\" content=\"Gesch\u00e4tzte Lesezeit\" \/>\n\t<meta name=\"twitter:data2\" content=\"2\u00a0Minuten\" \/>\n<script type=\"application\/ld+json\" class=\"yoast-schema-graph\">{\"@context\":\"https:\\\/\\\/schema.org\",\"@graph\":[{\"@type\":\"Article\",\"@id\":\"https:\\\/\\\/www.houhetzout.nl\\\/9th-wonder-en-black-thought-bijna-klaar-met-album\\\/#article\",\"isPartOf\":{\"@id\":\"https:\\\/\\\/www.houhetzout.nl\\\/9th-wonder-en-black-thought-bijna-klaar-met-album\\\/\"},\"author\":{\"name\":\"hhz\",\"@id\":\"https:\\\/\\\/www.houhetzout.nl\\\/#\\\/schema\\\/person\\\/fd6a8cb5d8a7c662143ab1c5acfd1cbb\"},\"headline\":\"9th wonder en black thought bijna klaar met album\",\"datePublished\":\"2026-09-06T06:30:00+00:00\",\"mainEntityOfPage\":{\"@id\":\"https:\\\/\\\/www.houhetzout.nl\\\/9th-wonder-en-black-thought-bijna-klaar-met-album\\\/\"},\"wordCount\":377,\"commentCount\":0,\"publisher\":{\"@id\":\"https:\\\/\\\/www.houhetzout.nl\\\/#organization\"},\"image\":{\"@id\":\"https:\\\/\\\/www.houhetzout.nl\\\/9th-wonder-en-black-thought-bijna-klaar-met-album\\\/#primaryimage\"},\"thumbnailUrl\":\"https:\\\/\\\/www.houhetzout.nl\\\/wp-content\\\/uploads\\\/2026\\\/09\\\/featured-6.png\",\"articleSection\":[\"Hip Hop Nieuws\"],\"inLanguage\":\"de\",\"potentialAction\":[{\"@type\":\"CommentAction\",\"name\":\"Comment\",\"target\":[\"https:\\\/\\\/www.houhetzout.nl\\\/9th-wonder-en-black-thought-bijna-klaar-met-album\\\/#respond\"]}]},{\"@type\":\"WebPage\",\"@id\":\"https:\\\/\\\/www.houhetzout.nl\\\/9th-wonder-en-black-thought-bijna-klaar-met-album\\\/\",\"url\":\"https:\\\/\\\/www.houhetzout.nl\\\/9th-wonder-en-black-thought-bijna-klaar-met-album\\\/\",\"name\":\"9th wonder en black thought bijna klaar met album - Hou Het Zout Magazine\",\"isPartOf\":{\"@id\":\"https:\\\/\\\/www.houhetzout.nl\\\/#website\"},\"primaryImageOfPage\":{\"@id\":\"https:\\\/\\\/www.houhetzout.nl\\\/9th-wonder-en-black-thought-bijna-klaar-met-album\\\/#primaryimage\"},\"image\":{\"@id\":\"https:\\\/\\\/www.houhetzout.nl\\\/9th-wonder-en-black-thought-bijna-klaar-met-album\\\/#primaryimage\"},\"thumbnailUrl\":\"https:\\\/\\\/www.houhetzout.nl\\\/wp-content\\\/uploads\\\/2026\\\/09\\\/featured-6.png\",\"datePublished\":\"2026-09-06T06:30:00+00:00\",\"breadcrumb\":{\"@id\":\"https:\\\/\\\/www.houhetzout.nl\\\/9th-wonder-en-black-thought-bijna-klaar-met-album\\\/#breadcrumb\"},\"inLanguage\":\"de\",\"potentialAction\":[{\"@type\":\"ReadAction\",\"target\":[\"https:\\\/\\\/www.houhetzout.nl\\\/9th-wonder-en-black-thought-bijna-klaar-met-album\\\/\"]}]},{\"@type\":\"ImageObject\",\"inLanguage\":\"de\",\"@id\":\"https:\\\/\\\/www.houhetzout.nl\\\/9th-wonder-en-black-thought-bijna-klaar-met-album\\\/#primaryimage\",\"url\":\"https:\\\/\\\/www.houhetzout.nl\\\/wp-content\\\/uploads\\\/2026\\\/09\\\/featured-6.png\",\"contentUrl\":\"https:\\\/\\\/www.houhetzout.nl\\\/wp-content\\\/uploads\\\/2026\\\/09\\\/featured-6.png\",\"width\":1536,\"height\":1024,\"caption\":\"9th Wonder en Black Thought werken samen in een opnamestudio aan hun bijna voltooide album.\"},{\"@type\":\"BreadcrumbList\",\"@id\":\"https:\\\/\\\/www.houhetzout.nl\\\/9th-wonder-en-black-thought-bijna-klaar-met-album\\\/#breadcrumb\",\"itemListElement\":[{\"@type\":\"ListItem\",\"position\":1,\"name\":\"Home\",\"item\":\"https:\\\/\\\/www.houhetzout.nl\\\/\"},{\"@type\":\"ListItem\",\"position\":2,\"name\":\"9th wonder en black thought bijna klaar met album\"}]},{\"@type\":\"WebSite\",\"@id\":\"https:\\\/\\\/www.houhetzout.nl\\\/#website\",\"url\":\"https:\\\/\\\/www.houhetzout.nl\\\/\",\"name\":\"Hou Het Zout Radio\",\"description\":\"24\\\/7 Hip Hop Radio\",\"publisher\":{\"@id\":\"https:\\\/\\\/www.houhetzout.nl\\\/#organization\"},\"potentialAction\":[{\"@type\":\"SearchAction\",\"target\":{\"@type\":\"EntryPoint\",\"urlTemplate\":\"https:\\\/\\\/www.houhetzout.nl\\\/?s={search_term_string}\"},\"query-input\":{\"@type\":\"PropertyValueSpecification\",\"valueRequired\":true,\"valueName\":\"search_term_string\"}}],\"inLanguage\":\"de\"},{\"@type\":\"Organization\",\"@id\":\"https:\\\/\\\/www.houhetzout.nl\\\/#organization\",\"name\":\"Hou Het Zout Radio\",\"url\":\"https:\\\/\\\/www.houhetzout.nl\\\/\",\"logo\":{\"@type\":\"ImageObject\",\"inLanguage\":\"de\",\"@id\":\"https:\\\/\\\/www.houhetzout.nl\\\/#\\\/schema\\\/logo\\\/image\\\/\",\"url\":\"https:\\\/\\\/www.houhetzout.nl\\\/wp-content\\\/uploads\\\/2025\\\/01\\\/1562da5b-81f4-419b-a83d-5867d040113d_hhz-nieuw-logo-vierkant-full.jpg\",\"contentUrl\":\"https:\\\/\\\/www.houhetzout.nl\\\/wp-content\\\/uploads\\\/2025\\\/01\\\/1562da5b-81f4-419b-a83d-5867d040113d_hhz-nieuw-logo-vierkant-full.jpg\",\"width\":1500,\"height\":1500,\"caption\":\"Hou Het Zout Radio\"},\"image\":{\"@id\":\"https:\\\/\\\/www.houhetzout.nl\\\/#\\\/schema\\\/logo\\\/image\\\/\"},\"sameAs\":[\"https:\\\/\\\/www.facebook.com\\\/houhetzout\\\/\",\"https:\\\/\\\/www.instagram.com\\\/houhetzout\\\/\"]},{\"@type\":\"Person\",\"@id\":\"https:\\\/\\\/www.houhetzout.nl\\\/#\\\/schema\\\/person\\\/fd6a8cb5d8a7c662143ab1c5acfd1cbb\",\"name\":\"hhz\",\"image\":{\"@type\":\"ImageObject\",\"inLanguage\":\"de\",\"@id\":\"https:\\\/\\\/secure.gravatar.com\\\/avatar\\\/4aaf55719390c29ea81515524ca29557753cfe4a786aa045c8aa0d114858d08f?s=96&d=mm&r=g\",\"url\":\"https:\\\/\\\/secure.gravatar.com\\\/avatar\\\/4aaf55719390c29ea81515524ca29557753cfe4a786aa045c8aa0d114858d08f?s=96&d=mm&r=g\",\"contentUrl\":\"https:\\\/\\\/secure.gravatar.com\\\/avatar\\\/4aaf55719390c29ea81515524ca29557753cfe4a786aa045c8aa0d114858d08f?s=96&d=mm&r=g\",\"caption\":\"hhz\"},\"sameAs\":[\"https:\\\/\\\/www.houhetzout.nl\"],\"url\":\"https:\\\/\\\/www.houhetzout.nl\\\/de\\\/author\\\/hhz\\\/\"}]}<\/script>\n<!-- \/ Yoast SEO Premium plugin. -->","yoast_head_json":{"title":"9th wonder en black thought bijna klaar met album - Hou Het Zout Magazine","robots":{"index":"index","follow":"follow","max-snippet":"max-snippet:-1","max-image-preview":"max-image-preview:large","max-video-preview":"max-video-preview:-1"},"canonical":"https:\/\/www.houhetzout.nl\/de\/9th-wonder-en-black-thought-bijna-klaar-met-album\/","og_locale":"de_DE","og_type":"article","og_title":"9th wonder en black thought bijna klaar met album","og_description":"De langverwachte samenwerking tussen 9th Wonder en Black Thought is bijna voltooid, met nog maar \u00e9\u00e9n verse te gaan. Het volledige album is klaar, zonder titel of releasedatum, en belooft een klassieker te worden dankzij de combinatie van 9th Wonders soulful productie en Black Thoughts lyrische kracht. Beide artiesten, bekend om hun langdurige en invloedrijke...","og_url":"https:\/\/www.houhetzout.nl\/de\/9th-wonder-en-black-thought-bijna-klaar-met-album\/","og_site_name":"Hou Het Zout Magazine","article_publisher":"https:\/\/www.facebook.com\/houhetzout\/","article_published_time":"2026-09-06T06:30:00+00:00","og_image":[{"width":1024,"height":683,"url":"https:\/\/www.houhetzout.nl\/wp-content\/uploads\/2026\/09\/featured-6-1024x683.png","type":"image\/png"}],"author":"hhz","twitter_card":"summary_large_image","twitter_misc":{"Verfasst von":"hhz","Gesch\u00e4tzte Lesezeit":"2\u00a0Minuten"},"schema":{"@context":"https:\/\/schema.org","@graph":[{"@type":"Article","@id":"https:\/\/www.houhetzout.nl\/9th-wonder-en-black-thought-bijna-klaar-met-album\/#article","isPartOf":{"@id":"https:\/\/www.houhetzout.nl\/9th-wonder-en-black-thought-bijna-klaar-met-album\/"},"author":{"name":"hhz","@id":"https:\/\/www.houhetzout.nl\/#\/schema\/person\/fd6a8cb5d8a7c662143ab1c5acfd1cbb"},"headline":"9th wonder en black thought bijna klaar met album","datePublished":"2026-09-06T06:30:00+00:00","mainEntityOfPage":{"@id":"https:\/\/www.houhetzout.nl\/9th-wonder-en-black-thought-bijna-klaar-met-album\/"},"wordCount":377,"commentCount":0,"publisher":{"@id":"https:\/\/www.houhetzout.nl\/#organization"},"image":{"@id":"https:\/\/www.houhetzout.nl\/9th-wonder-en-black-thought-bijna-klaar-met-album\/#primaryimage"},"thumbnailUrl":"https:\/\/www.houhetzout.nl\/wp-content\/uploads\/2026\/09\/featured-6.png","articleSection":["Hip Hop Nieuws"],"inLanguage":"de","potentialAction":[{"@type":"CommentAction","name":"Comment","target":["https:\/\/www.houhetzout.nl\/9th-wonder-en-black-thought-bijna-klaar-met-album\/#respond"]}]},{"@type":"WebPage","@id":"https:\/\/www.houhetzout.nl\/9th-wonder-en-black-thought-bijna-klaar-met-album\/","url":"https:\/\/www.houhetzout.nl\/9th-wonder-en-black-thought-bijna-klaar-met-album\/","name":"9th wonder en black thought bijna klaar met album - Hou Het Zout Magazine","isPartOf":{"@id":"https:\/\/www.houhetzout.nl\/#website"},"primaryImageOfPage":{"@id":"https:\/\/www.houhetzout.nl\/9th-wonder-en-black-thought-bijna-klaar-met-album\/#primaryimage"},"image":{"@id":"https:\/\/www.houhetzout.nl\/9th-wonder-en-black-thought-bijna-klaar-met-album\/#primaryimage"},"thumbnailUrl":"https:\/\/www.houhetzout.nl\/wp-content\/uploads\/2026\/09\/featured-6.png","datePublished":"2026-09-06T06:30:00+00:00","breadcrumb":{"@id":"https:\/\/www.houhetzout.nl\/9th-wonder-en-black-thought-bijna-klaar-met-album\/#breadcrumb"},"inLanguage":"de","potentialAction":[{"@type":"ReadAction","target":["https:\/\/www.houhetzout.nl\/9th-wonder-en-black-thought-bijna-klaar-met-album\/"]}]},{"@type":"ImageObject","inLanguage":"de","@id":"https:\/\/www.houhetzout.nl\/9th-wonder-en-black-thought-bijna-klaar-met-album\/#primaryimage","url":"https:\/\/www.houhetzout.nl\/wp-content\/uploads\/2026\/09\/featured-6.png","contentUrl":"https:\/\/www.houhetzout.nl\/wp-content\/uploads\/2026\/09\/featured-6.png","width":1536,"height":1024,"caption":"9th Wonder en Black Thought werken samen in een opnamestudio aan hun bijna voltooide album."},{"@type":"BreadcrumbList","@id":"https:\/\/www.houhetzout.nl\/9th-wonder-en-black-thought-bijna-klaar-met-album\/#breadcrumb","itemListElement":[{"@type":"ListItem","position":1,"name":"Home","item":"https:\/\/www.houhetzout.nl\/"},{"@type":"ListItem","position":2,"name":"9th wonder en black thought bijna klaar met album"}]},{"@type":"WebSite","@id":"https:\/\/www.houhetzout.nl\/#website","url":"https:\/\/www.houhetzout.nl\/","name":"Keep The Salt Radio","description":"24\/7 Hip Hop Radio","publisher":{"@id":"https:\/\/www.houhetzout.nl\/#organization"},"potentialAction":[{"@type":"SearchAction","target":{"@type":"EntryPoint","urlTemplate":"https:\/\/www.houhetzout.nl\/?s={search_term_string}"},"query-input":{"@type":"PropertyValueSpecification","valueRequired":true,"valueName":"search_term_string"}}],"inLanguage":"de"},{"@type":"Organization","@id":"https:\/\/www.houhetzout.nl\/#organization","name":"Keep The Salt Radio","url":"https:\/\/www.houhetzout.nl\/","logo":{"@type":"ImageObject","inLanguage":"de","@id":"https:\/\/www.houhetzout.nl\/#\/schema\/logo\/image\/","url":"https:\/\/www.houhetzout.nl\/wp-content\/uploads\/2025\/01\/1562da5b-81f4-419b-a83d-5867d040113d_hhz-nieuw-logo-vierkant-full.jpg","contentUrl":"https:\/\/www.houhetzout.nl\/wp-content\/uploads\/2025\/01\/1562da5b-81f4-419b-a83d-5867d040113d_hhz-nieuw-logo-vierkant-full.jpg","width":1500,"height":1500,"caption":"Hou Het Zout Radio"},"image":{"@id":"https:\/\/www.houhetzout.nl\/#\/schema\/logo\/image\/"},"sameAs":["https:\/\/www.facebook.com\/houhetzout\/","https:\/\/www.instagram.com\/houhetzout\/"]},{"@type":"Person","@id":"https:\/\/www.houhetzout.nl\/#\/schema\/person\/fd6a8cb5d8a7c662143ab1c5acfd1cbb","name":"hhz","image":{"@type":"ImageObject","inLanguage":"de","@id":"https:\/\/secure.gravatar.com\/avatar\/4aaf55719390c29ea81515524ca29557753cfe4a786aa045c8aa0d114858d08f?s=96&d=mm&r=g","url":"https:\/\/secure.gravatar.com\/avatar\/4aaf55719390c29ea81515524ca29557753cfe4a786aa045c8aa0d114858d08f?s=96&d=mm&r=g","contentUrl":"https:\/\/secure.gravatar.com\/avatar\/4aaf55719390c29ea81515524ca29557753cfe4a786aa045c8aa0d114858d08f?s=96&d=mm&r=g","caption":"hhz"},"sameAs":["https:\/\/www.houhetzout.nl"],"url":"https:\/\/www.houhetzout.nl\/de\/author\/hhz\/"}]}},"_links":{"self":[{"href":"https:\/\/www.houhetzout.nl\/de\/wp-json\/wp\/v2\/posts\/4974","targetHints":{"allow":["GET"]}}],"collection":[{"href":"https:\/\/www.houhetzout.nl\/de\/wp-json\/wp\/v2\/posts"}],"about":[{"href":"https:\/\/www.houhetzout.nl\/de\/wp-json\/wp\/v2\/types\/post"}],"author":[{"embeddable":true,"href":"https:\/\/www.houhetzout.nl\/de\/wp-json\/wp\/v2\/users\/1"}],"replies":[{"embeddable":true,"href":"https:\/\/www.houhetzout.nl\/de\/wp-json\/wp\/v2\/comments?post=4974"}],"version-history":[{"count":1,"href":"https:\/\/www.houhetzout.nl\/de\/wp-json\/wp\/v2\/posts\/4974\/revisions"}],"predecessor-version":[{"id":4975,"href":"https:\/\/www.houhetzout.nl\/de\/wp-json\/wp\/v2\/posts\/4974\/revisions\/4975"}],"wp:featuredmedia":[{"embeddable":true,"href":"https:\/\/www.houhetzout.nl\/de\/wp-json\/wp\/v2\/media\/4973"}],"wp:attachment":[{"href":"https:\/\/www.houhetzout.nl\/de\/wp-json\/wp\/v2\/media?parent=4974"}],"wp:term":[{"taxonomy":"category","embeddable":true,"href":"https:\/\/www.houhetzout.nl\/de\/wp-json\/wp\/v2\/categories?post=4974"},{"taxonomy":"post_tag","embeddable":true,"href":"https:\/\/www.houhetzout.nl\/de\/wp-json\/wp\/v2\/tags?post=4974"}],"curies":[{"name":"wp","href":"https:\/\/api.w.org\/{rel}","templated":true}]}}