{"id":4974,"date":"2026-09-06T08:30:00","date_gmt":"2026-09-06T06:30:00","guid":{"rendered":"https:\/\/www.houhetzout.nl\/?p=4974"},"modified":"2026-09-06T08:30:00","modified_gmt":"2026-09-06T06:30:00","slug":"9th-wonder-en-black-thought-bijna-klaar-met-album","status":"publish","type":"post","link":"https:\/\/www.houhetzout.nl\/fr\/9th-wonder-en-black-thought-bijna-klaar-met-album\/","title":{"rendered":"9th Wonder et Black Thought ont presque termin\u00e9 leur album"},"content":{"rendered":"<h1>9th Wonder et Black Thought ont presque termin\u00e9 leur album<\/h1>\n<p><em>La collaboration tant attendue entre 9th Wonder et Black Thought est presque termin\u00e9e, il ne reste plus qu'un couplet \u00e0 enregistrer. L'album complet est pr\u00eat, sans titre ni date de sortie, et promet de devenir un classique gr\u00e2ce \u00e0 l'association de la production soul de 9th Wonder et de la puissance lyrique de Black Thought. Les deux artistes, connus pour leurs carri\u00e8res longues et influentes, ont d\u00e9lib\u00e9r\u00e9ment choisi de sortir un album complet \u00e0 une \u00e9poque o\u00f9 les sorties se succ\u00e8dent \u00e0 un rythme effr\u00e9n\u00e9.<\/em><\/p>\n<p>La collaboration tant attendue entre 9th Wonder et Black Thought est sur le point de voir le jour. L'album est pr\u00eat dans son int\u00e9gralit\u00e9. Il ne manque plus qu'un seul couplet.<\/p>\n<\/p>\n<p>\nLe producteur l'a annonc\u00e9 lors d'un entretien dans le podcast de Don Chenz. Court mais clair : \" Il ne me manque plus qu'un couplet de sa part, et on aura termin\u00e9. \" Pas de titre d'album, pas de date de sortie. Mais la confirmation que ces deux poids lourds ont men\u00e9 \u00e0 bien un projet complet.<\/p>\n<\/p>\n<p>\nCette association parle d'elle-m\u00eame. 9th Wonder apporte sa production soul caract\u00e9ristique, tandis que Black Thought apporte la pr\u00e9cision et la puissance lyriques qui d\u00e9finissent toute sa carri\u00e8re. Tous deux se sont forg\u00e9, au fil des d\u00e9cennies, une r\u00e9putation qui d\u00e9passe largement le cadre de leurs groupes les plus connus.<\/p>\n<\/p>\n<p>\n9th Wonder s'est fait un nom en tant que membre de Little Brother avant de devenir l'un des producteurs les plus respect\u00e9s du milieu. Black Thought reste la voix incontournable des Roots, tout en \u00e9largissant progressivement son r\u00e9pertoire au-del\u00e0 de ce groupe l\u00e9gendaire de Philadelphie.<\/p>\n<\/p>\n<p>\nUn projet complet avec 9th Wonder s'inscrit parfaitement dans la d\u00e9marche de plus en plus collaborative de Black Thoughts. Il a d\u00e9j\u00e0 r\u00e9alis\u00e9 *Cheat Codes* avec Danger Mouse et travaillerait actuellement sur *Cheat Codes 2*. Un projet avec Mach-Hommy est \u00e9galement en pr\u00e9paration. De leur c\u00f4t\u00e9, les Roots ont quant \u00e0 eux *Endgame* en pr\u00e9paration.<\/p>\n<\/p>\n<p>\nLa multitude de sorties musicales \u00e0 venir rend cette annonce d'autant plus remarquable. Il ne s'agit pas d'un simple titre ou d'une collaboration ponctuelle. Les deux artistes se sont engag\u00e9s \u00e0 produire un album complet. Un choix d\u00e9lib\u00e9r\u00e9 \u00e0 une \u00e9poque o\u00f9 de nombreux artistes privil\u00e9gient les sorties rapides.<\/p>\n<\/p>\n<p>\nIl ne manque plus qu\u2019un morceau entre 9th Wonder et Black Thought pour que l\u2019album soit boucl\u00e9. Deux v\u00e9t\u00e9rans qui prennent leur temps pour un projet qui a tout d\u2019un classique en devenir. Pas de battage m\u00e9diatique, pas de sortie pr\u00e9cipit\u00e9e. Simplement un travail de pro r\u00e9alis\u00e9 par deux ma\u00eetres dans leur discipline.<\/p>\n<\/p>\n<p>\nNous attendons patiemment.<\/p>\n<p><!-- pulseroom:embeds --><\/p>\n<h2>\u00c9coutez et regardez<\/h2>\n<p><iframe src=\"https:\/\/open.spotify.com\/embed\/artist\/6DJEUXZm0e2rAohdoZ5Voo\" title=\"Black Thought\" width=\"100%\" height=\"352\" frameborder=\"0\" allow=\"autoplay; clipboard-write; encrypted-media; fullscreen; picture-in-picture\" loading=\"lazy\"><\/iframe><\/p>","protected":false},"excerpt":{"rendered":"<p>La collaboration tant attendue entre 9th Wonder et Black Thought est presque termin\u00e9e, il ne reste plus qu'un couplet \u00e0 enregistrer. L'album complet est pr\u00eat, sans titre ni date de sortie, et s'annonce comme un classique gr\u00e2ce \u00e0 l'association de la production soul de 9th Wonder et de la puissance lyrique de Black Thought. Ces deux artistes, connus pour leur longue et influente\u2026<\/p>","protected":false},"author":1,"featured_media":4973,"comment_status":"open","ping_status":"open","sticky":false,"template":"","format":"standard","meta":{"episode_type":"","audio_file":"","podmotor_file_id":"","podmotor_episode_id":"","cover_image":"","cover_image_id":"","duration":"","filesize":"","filesize_raw":"","date_recorded":"","explicit":"","block":"","footnotes":""},"categories":[3],"tags":[],"class_list":["post-4974","post","type-post","status-publish","format-standard","has-post-thumbnail","hentry","category-hhz-hip-hop-nieuws"],"featured_image_url":"https:\/\/www.houhetzout.nl\/wp-content\/uploads\/2026\/09\/featured-6.png","yoast_head":"<!-- This site is optimized with the Yoast SEO Premium plugin v24.5 (Yoast SEO v28.2) - https:\/\/yoast.com\/product\/yoast-seo-premium-wordpress\/ -->\n<title>9th wonder en black thought bijna klaar met album - Hou Het Zout Magazine<\/title>\n<meta name=\"robots\" content=\"index, follow, max-snippet:-1, max-image-preview:large, max-video-preview:-1\" \/>\n<link rel=\"canonical\" href=\"https:\/\/www.houhetzout.nl\/fr\/9th-wonder-en-black-thought-bijna-klaar-met-album\/\" \/>\n<meta property=\"og:locale\" content=\"fr_FR\" \/>\n<meta property=\"og:type\" content=\"article\" \/>\n<meta property=\"og:title\" content=\"9th wonder en black thought bijna klaar met album\" \/>\n<meta property=\"og:description\" content=\"De langverwachte samenwerking tussen 9th Wonder en Black Thought is bijna voltooid, met nog maar \u00e9\u00e9n verse te gaan. Het volledige album is klaar, zonder titel of releasedatum, en belooft een klassieker te worden dankzij de combinatie van 9th Wonders soulful productie en Black Thoughts lyrische kracht. Beide artiesten, bekend om hun langdurige en invloedrijke...\" \/>\n<meta property=\"og:url\" content=\"https:\/\/www.houhetzout.nl\/fr\/9th-wonder-en-black-thought-bijna-klaar-met-album\/\" \/>\n<meta property=\"og:site_name\" content=\"Hou Het Zout Magazine\" \/>\n<meta property=\"article:publisher\" content=\"https:\/\/www.facebook.com\/houhetzout\/\" \/>\n<meta property=\"article:published_time\" content=\"2026-09-06T06:30:00+00:00\" \/>\n<meta property=\"og:image\" content=\"https:\/\/www.houhetzout.nl\/wp-content\/uploads\/2026\/09\/featured-6-1024x683.png\" \/>\n\t<meta property=\"og:image:width\" content=\"1024\" \/>\n\t<meta property=\"og:image:height\" content=\"683\" \/>\n\t<meta property=\"og:image:type\" content=\"image\/png\" \/>\n<meta name=\"author\" content=\"hhz\" \/>\n<meta name=\"twitter:card\" content=\"summary_large_image\" \/>\n<meta name=\"twitter:label1\" content=\"\u00c9crit par\" \/>\n\t<meta name=\"twitter:data1\" content=\"hhz\" \/>\n\t<meta name=\"twitter:label2\" content=\"Dur\u00e9e de lecture estim\u00e9e\" \/>\n\t<meta name=\"twitter:data2\" content=\"2 minutes\" \/>\n<script type=\"application\/ld+json\" class=\"yoast-schema-graph\">{\"@context\":\"https:\\\/\\\/schema.org\",\"@graph\":[{\"@type\":\"Article\",\"@id\":\"https:\\\/\\\/www.houhetzout.nl\\\/9th-wonder-en-black-thought-bijna-klaar-met-album\\\/#article\",\"isPartOf\":{\"@id\":\"https:\\\/\\\/www.houhetzout.nl\\\/9th-wonder-en-black-thought-bijna-klaar-met-album\\\/\"},\"author\":{\"name\":\"hhz\",\"@id\":\"https:\\\/\\\/www.houhetzout.nl\\\/#\\\/schema\\\/person\\\/fd6a8cb5d8a7c662143ab1c5acfd1cbb\"},\"headline\":\"9th wonder en black thought bijna klaar met album\",\"datePublished\":\"2026-09-06T06:30:00+00:00\",\"mainEntityOfPage\":{\"@id\":\"https:\\\/\\\/www.houhetzout.nl\\\/9th-wonder-en-black-thought-bijna-klaar-met-album\\\/\"},\"wordCount\":377,\"commentCount\":0,\"publisher\":{\"@id\":\"https:\\\/\\\/www.houhetzout.nl\\\/#organization\"},\"image\":{\"@id\":\"https:\\\/\\\/www.houhetzout.nl\\\/9th-wonder-en-black-thought-bijna-klaar-met-album\\\/#primaryimage\"},\"thumbnailUrl\":\"https:\\\/\\\/www.houhetzout.nl\\\/wp-content\\\/uploads\\\/2026\\\/09\\\/featured-6.png\",\"articleSection\":[\"Hip Hop Nieuws\"],\"inLanguage\":\"fr-FR\",\"potentialAction\":[{\"@type\":\"CommentAction\",\"name\":\"Comment\",\"target\":[\"https:\\\/\\\/www.houhetzout.nl\\\/9th-wonder-en-black-thought-bijna-klaar-met-album\\\/#respond\"]}]},{\"@type\":\"WebPage\",\"@id\":\"https:\\\/\\\/www.houhetzout.nl\\\/9th-wonder-en-black-thought-bijna-klaar-met-album\\\/\",\"url\":\"https:\\\/\\\/www.houhetzout.nl\\\/9th-wonder-en-black-thought-bijna-klaar-met-album\\\/\",\"name\":\"9th wonder en black thought bijna klaar met album - Hou Het Zout Magazine\",\"isPartOf\":{\"@id\":\"https:\\\/\\\/www.houhetzout.nl\\\/#website\"},\"primaryImageOfPage\":{\"@id\":\"https:\\\/\\\/www.houhetzout.nl\\\/9th-wonder-en-black-thought-bijna-klaar-met-album\\\/#primaryimage\"},\"image\":{\"@id\":\"https:\\\/\\\/www.houhetzout.nl\\\/9th-wonder-en-black-thought-bijna-klaar-met-album\\\/#primaryimage\"},\"thumbnailUrl\":\"https:\\\/\\\/www.houhetzout.nl\\\/wp-content\\\/uploads\\\/2026\\\/09\\\/featured-6.png\",\"datePublished\":\"2026-09-06T06:30:00+00:00\",\"breadcrumb\":{\"@id\":\"https:\\\/\\\/www.houhetzout.nl\\\/9th-wonder-en-black-thought-bijna-klaar-met-album\\\/#breadcrumb\"},\"inLanguage\":\"fr-FR\",\"potentialAction\":[{\"@type\":\"ReadAction\",\"target\":[\"https:\\\/\\\/www.houhetzout.nl\\\/9th-wonder-en-black-thought-bijna-klaar-met-album\\\/\"]}]},{\"@type\":\"ImageObject\",\"inLanguage\":\"fr-FR\",\"@id\":\"https:\\\/\\\/www.houhetzout.nl\\\/9th-wonder-en-black-thought-bijna-klaar-met-album\\\/#primaryimage\",\"url\":\"https:\\\/\\\/www.houhetzout.nl\\\/wp-content\\\/uploads\\\/2026\\\/09\\\/featured-6.png\",\"contentUrl\":\"https:\\\/\\\/www.houhetzout.nl\\\/wp-content\\\/uploads\\\/2026\\\/09\\\/featured-6.png\",\"width\":1536,\"height\":1024,\"caption\":\"9th Wonder en Black Thought werken samen in een opnamestudio aan hun bijna voltooide album.\"},{\"@type\":\"BreadcrumbList\",\"@id\":\"https:\\\/\\\/www.houhetzout.nl\\\/9th-wonder-en-black-thought-bijna-klaar-met-album\\\/#breadcrumb\",\"itemListElement\":[{\"@type\":\"ListItem\",\"position\":1,\"name\":\"Home\",\"item\":\"https:\\\/\\\/www.houhetzout.nl\\\/\"},{\"@type\":\"ListItem\",\"position\":2,\"name\":\"9th wonder en black thought bijna klaar met album\"}]},{\"@type\":\"WebSite\",\"@id\":\"https:\\\/\\\/www.houhetzout.nl\\\/#website\",\"url\":\"https:\\\/\\\/www.houhetzout.nl\\\/\",\"name\":\"Hou Het Zout Radio\",\"description\":\"24\\\/7 Hip Hop Radio\",\"publisher\":{\"@id\":\"https:\\\/\\\/www.houhetzout.nl\\\/#organization\"},\"potentialAction\":[{\"@type\":\"SearchAction\",\"target\":{\"@type\":\"EntryPoint\",\"urlTemplate\":\"https:\\\/\\\/www.houhetzout.nl\\\/?s={search_term_string}\"},\"query-input\":{\"@type\":\"PropertyValueSpecification\",\"valueRequired\":true,\"valueName\":\"search_term_string\"}}],\"inLanguage\":\"fr-FR\"},{\"@type\":\"Organization\",\"@id\":\"https:\\\/\\\/www.houhetzout.nl\\\/#organization\",\"name\":\"Hou Het Zout Radio\",\"url\":\"https:\\\/\\\/www.houhetzout.nl\\\/\",\"logo\":{\"@type\":\"ImageObject\",\"inLanguage\":\"fr-FR\",\"@id\":\"https:\\\/\\\/www.houhetzout.nl\\\/#\\\/schema\\\/logo\\\/image\\\/\",\"url\":\"https:\\\/\\\/www.houhetzout.nl\\\/wp-content\\\/uploads\\\/2025\\\/01\\\/1562da5b-81f4-419b-a83d-5867d040113d_hhz-nieuw-logo-vierkant-full.jpg\",\"contentUrl\":\"https:\\\/\\\/www.houhetzout.nl\\\/wp-content\\\/uploads\\\/2025\\\/01\\\/1562da5b-81f4-419b-a83d-5867d040113d_hhz-nieuw-logo-vierkant-full.jpg\",\"width\":1500,\"height\":1500,\"caption\":\"Hou Het Zout Radio\"},\"image\":{\"@id\":\"https:\\\/\\\/www.houhetzout.nl\\\/#\\\/schema\\\/logo\\\/image\\\/\"},\"sameAs\":[\"https:\\\/\\\/www.facebook.com\\\/houhetzout\\\/\",\"https:\\\/\\\/www.instagram.com\\\/houhetzout\\\/\"]},{\"@type\":\"Person\",\"@id\":\"https:\\\/\\\/www.houhetzout.nl\\\/#\\\/schema\\\/person\\\/fd6a8cb5d8a7c662143ab1c5acfd1cbb\",\"name\":\"hhz\",\"image\":{\"@type\":\"ImageObject\",\"inLanguage\":\"fr-FR\",\"@id\":\"https:\\\/\\\/secure.gravatar.com\\\/avatar\\\/4aaf55719390c29ea81515524ca29557753cfe4a786aa045c8aa0d114858d08f?s=96&d=mm&r=g\",\"url\":\"https:\\\/\\\/secure.gravatar.com\\\/avatar\\\/4aaf55719390c29ea81515524ca29557753cfe4a786aa045c8aa0d114858d08f?s=96&d=mm&r=g\",\"contentUrl\":\"https:\\\/\\\/secure.gravatar.com\\\/avatar\\\/4aaf55719390c29ea81515524ca29557753cfe4a786aa045c8aa0d114858d08f?s=96&d=mm&r=g\",\"caption\":\"hhz\"},\"sameAs\":[\"https:\\\/\\\/www.houhetzout.nl\"],\"url\":\"https:\\\/\\\/www.houhetzout.nl\\\/fr\\\/author\\\/hhz\\\/\"}]}<\/script>\n<!-- \/ Yoast SEO Premium plugin. -->","yoast_head_json":{"title":"9th wonder en black thought bijna klaar met album - Hou Het Zout Magazine","robots":{"index":"index","follow":"follow","max-snippet":"max-snippet:-1","max-image-preview":"max-image-preview:large","max-video-preview":"max-video-preview:-1"},"canonical":"https:\/\/www.houhetzout.nl\/fr\/9th-wonder-en-black-thought-bijna-klaar-met-album\/","og_locale":"fr_FR","og_type":"article","og_title":"9th wonder en black thought bijna klaar met album","og_description":"De langverwachte samenwerking tussen 9th Wonder en Black Thought is bijna voltooid, met nog maar \u00e9\u00e9n verse te gaan. Het volledige album is klaar, zonder titel of releasedatum, en belooft een klassieker te worden dankzij de combinatie van 9th Wonders soulful productie en Black Thoughts lyrische kracht. Beide artiesten, bekend om hun langdurige en invloedrijke...","og_url":"https:\/\/www.houhetzout.nl\/fr\/9th-wonder-en-black-thought-bijna-klaar-met-album\/","og_site_name":"Hou Het Zout Magazine","article_publisher":"https:\/\/www.facebook.com\/houhetzout\/","article_published_time":"2026-09-06T06:30:00+00:00","og_image":[{"width":1024,"height":683,"url":"https:\/\/www.houhetzout.nl\/wp-content\/uploads\/2026\/09\/featured-6-1024x683.png","type":"image\/png"}],"author":"hhz","twitter_card":"summary_large_image","twitter_misc":{"\u00c9crit par":"hhz","Dur\u00e9e de lecture estim\u00e9e":"2 minutes"},"schema":{"@context":"https:\/\/schema.org","@graph":[{"@type":"Article","@id":"https:\/\/www.houhetzout.nl\/9th-wonder-en-black-thought-bijna-klaar-met-album\/#article","isPartOf":{"@id":"https:\/\/www.houhetzout.nl\/9th-wonder-en-black-thought-bijna-klaar-met-album\/"},"author":{"name":"hhz","@id":"https:\/\/www.houhetzout.nl\/#\/schema\/person\/fd6a8cb5d8a7c662143ab1c5acfd1cbb"},"headline":"9th wonder en black thought bijna klaar met album","datePublished":"2026-09-06T06:30:00+00:00","mainEntityOfPage":{"@id":"https:\/\/www.houhetzout.nl\/9th-wonder-en-black-thought-bijna-klaar-met-album\/"},"wordCount":377,"commentCount":0,"publisher":{"@id":"https:\/\/www.houhetzout.nl\/#organization"},"image":{"@id":"https:\/\/www.houhetzout.nl\/9th-wonder-en-black-thought-bijna-klaar-met-album\/#primaryimage"},"thumbnailUrl":"https:\/\/www.houhetzout.nl\/wp-content\/uploads\/2026\/09\/featured-6.png","articleSection":["Hip Hop Nieuws"],"inLanguage":"fr-FR","potentialAction":[{"@type":"CommentAction","name":"Comment","target":["https:\/\/www.houhetzout.nl\/9th-wonder-en-black-thought-bijna-klaar-met-album\/#respond"]}]},{"@type":"WebPage","@id":"https:\/\/www.houhetzout.nl\/9th-wonder-en-black-thought-bijna-klaar-met-album\/","url":"https:\/\/www.houhetzout.nl\/9th-wonder-en-black-thought-bijna-klaar-met-album\/","name":"9th wonder en black thought bijna klaar met album - Hou Het Zout Magazine","isPartOf":{"@id":"https:\/\/www.houhetzout.nl\/#website"},"primaryImageOfPage":{"@id":"https:\/\/www.houhetzout.nl\/9th-wonder-en-black-thought-bijna-klaar-met-album\/#primaryimage"},"image":{"@id":"https:\/\/www.houhetzout.nl\/9th-wonder-en-black-thought-bijna-klaar-met-album\/#primaryimage"},"thumbnailUrl":"https:\/\/www.houhetzout.nl\/wp-content\/uploads\/2026\/09\/featured-6.png","datePublished":"2026-09-06T06:30:00+00:00","breadcrumb":{"@id":"https:\/\/www.houhetzout.nl\/9th-wonder-en-black-thought-bijna-klaar-met-album\/#breadcrumb"},"inLanguage":"fr-FR","potentialAction":[{"@type":"ReadAction","target":["https:\/\/www.houhetzout.nl\/9th-wonder-en-black-thought-bijna-klaar-met-album\/"]}]},{"@type":"ImageObject","inLanguage":"fr-FR","@id":"https:\/\/www.houhetzout.nl\/9th-wonder-en-black-thought-bijna-klaar-met-album\/#primaryimage","url":"https:\/\/www.houhetzout.nl\/wp-content\/uploads\/2026\/09\/featured-6.png","contentUrl":"https:\/\/www.houhetzout.nl\/wp-content\/uploads\/2026\/09\/featured-6.png","width":1536,"height":1024,"caption":"9th Wonder en Black Thought werken samen in een opnamestudio aan hun bijna voltooide album."},{"@type":"BreadcrumbList","@id":"https:\/\/www.houhetzout.nl\/9th-wonder-en-black-thought-bijna-klaar-met-album\/#breadcrumb","itemListElement":[{"@type":"ListItem","position":1,"name":"Home","item":"https:\/\/www.houhetzout.nl\/"},{"@type":"ListItem","position":2,"name":"9th wonder en black thought bijna klaar met album"}]},{"@type":"WebSite","@id":"https:\/\/www.houhetzout.nl\/#website","url":"https:\/\/www.houhetzout.nl\/","name":"Keep The Salt Radio","description":"24\/7 Hip Hop Radio","publisher":{"@id":"https:\/\/www.houhetzout.nl\/#organization"},"potentialAction":[{"@type":"SearchAction","target":{"@type":"EntryPoint","urlTemplate":"https:\/\/www.houhetzout.nl\/?s={search_term_string}"},"query-input":{"@type":"PropertyValueSpecification","valueRequired":true,"valueName":"search_term_string"}}],"inLanguage":"fr-FR"},{"@type":"Organization","@id":"https:\/\/www.houhetzout.nl\/#organization","name":"Keep The Salt Radio","url":"https:\/\/www.houhetzout.nl\/","logo":{"@type":"ImageObject","inLanguage":"fr-FR","@id":"https:\/\/www.houhetzout.nl\/#\/schema\/logo\/image\/","url":"https:\/\/www.houhetzout.nl\/wp-content\/uploads\/2025\/01\/1562da5b-81f4-419b-a83d-5867d040113d_hhz-nieuw-logo-vierkant-full.jpg","contentUrl":"https:\/\/www.houhetzout.nl\/wp-content\/uploads\/2025\/01\/1562da5b-81f4-419b-a83d-5867d040113d_hhz-nieuw-logo-vierkant-full.jpg","width":1500,"height":1500,"caption":"Hou Het Zout Radio"},"image":{"@id":"https:\/\/www.houhetzout.nl\/#\/schema\/logo\/image\/"},"sameAs":["https:\/\/www.facebook.com\/houhetzout\/","https:\/\/www.instagram.com\/houhetzout\/"]},{"@type":"Person","@id":"https:\/\/www.houhetzout.nl\/#\/schema\/person\/fd6a8cb5d8a7c662143ab1c5acfd1cbb","name":"hhz","image":{"@type":"ImageObject","inLanguage":"fr-FR","@id":"https:\/\/secure.gravatar.com\/avatar\/4aaf55719390c29ea81515524ca29557753cfe4a786aa045c8aa0d114858d08f?s=96&d=mm&r=g","url":"https:\/\/secure.gravatar.com\/avatar\/4aaf55719390c29ea81515524ca29557753cfe4a786aa045c8aa0d114858d08f?s=96&d=mm&r=g","contentUrl":"https:\/\/secure.gravatar.com\/avatar\/4aaf55719390c29ea81515524ca29557753cfe4a786aa045c8aa0d114858d08f?s=96&d=mm&r=g","caption":"hhz"},"sameAs":["https:\/\/www.houhetzout.nl"],"url":"https:\/\/www.houhetzout.nl\/fr\/author\/hhz\/"}]}},"_links":{"self":[{"href":"https:\/\/www.houhetzout.nl\/fr\/wp-json\/wp\/v2\/posts\/4974","targetHints":{"allow":["GET"]}}],"collection":[{"href":"https:\/\/www.houhetzout.nl\/fr\/wp-json\/wp\/v2\/posts"}],"about":[{"href":"https:\/\/www.houhetzout.nl\/fr\/wp-json\/wp\/v2\/types\/post"}],"author":[{"embeddable":true,"href":"https:\/\/www.houhetzout.nl\/fr\/wp-json\/wp\/v2\/users\/1"}],"replies":[{"embeddable":true,"href":"https:\/\/www.houhetzout.nl\/fr\/wp-json\/wp\/v2\/comments?post=4974"}],"version-history":[{"count":1,"href":"https:\/\/www.houhetzout.nl\/fr\/wp-json\/wp\/v2\/posts\/4974\/revisions"}],"predecessor-version":[{"id":4975,"href":"https:\/\/www.houhetzout.nl\/fr\/wp-json\/wp\/v2\/posts\/4974\/revisions\/4975"}],"wp:featuredmedia":[{"embeddable":true,"href":"https:\/\/www.houhetzout.nl\/fr\/wp-json\/wp\/v2\/media\/4973"}],"wp:attachment":[{"href":"https:\/\/www.houhetzout.nl\/fr\/wp-json\/wp\/v2\/media?parent=4974"}],"wp:term":[{"taxonomy":"category","embeddable":true,"href":"https:\/\/www.houhetzout.nl\/fr\/wp-json\/wp\/v2\/categories?post=4974"},{"taxonomy":"post_tag","embeddable":true,"href":"https:\/\/www.houhetzout.nl\/fr\/wp-json\/wp\/v2\/tags?post=4974"}],"curies":[{"name":"wp","href":"https:\/\/api.w.org\/{rel}","templated":true}]}}